{"id":214,"date":"2016-08-05T09:42:52","date_gmt":"2016-08-05T07:42:52","guid":{"rendered":"http:\/\/tommasosanti.com\/?p=214"},"modified":"2016-09-06T12:31:08","modified_gmt":"2016-09-06T10:31:08","slug":"i-bambini-della-miniera","status":"publish","type":"post","link":"https:\/\/tommasosanti.com\/?p=214","title":{"rendered":"I bambini della miniera"},"content":{"rendered":"<p><a href=\"http:\/\/tommasosanti.com\/2016\/08\/05\/i-bambini-della-miniera\/\"><img loading=\"lazy\" decoding=\"async\" class=\"aligncenter wp-image-218 size-full\" src=\"http:\/\/tommasosanti.com\/wp-content\/uploads\/2016\/08\/LOC-MINIERA-2-e1470383233127.png\" alt=\"LOC MINIERA 2\" width=\"623\" height=\"443\" \/><\/a><br \/>\n<!--more--><\/p>\n<p>La tragedia mineraria di Ribolla \u00e8 una Marcinelle italiana, dimenticata da molti ma non dal piccolo paese, in provincia di Grosseto, ancora segnato da quella che \u00e8 una delle pi\u00f9 gravi stragi sul lavoro che hanno segnato l&#8217;Italia nel secondo dopoguerra. \u00a0Il 4 maggio 1954, a causa di un&#8217;esplosione di gas, 43 minatori rimasero uccisi nelle gallerie di una miniera di lignite. <strong>I bambini della miniera<\/strong> \u00e8 un documentario che racconta questa storia attraverso le parole e i ricordi di chi nel 1954 era un bambino: figli di minatori, orfani della strage, che rievocano un&#8217;epoca, ci riportano indietro nel tempo in un paese nato intorno a una miniera e segnato per sempre da una tragedia terribile.<\/p>\n<p>Il documentario sar\u00e0 presentato a settembre al Trevignano Film Fest ed \u00a0\u00e8 un\u00a0coro di piccole storie che insieme compongo un affresco di un\u2019epoca e di un mondo che non c\u2019\u00e8 pi\u00f9. Il racconto di un paese nato intorno alla miniera, creato di fatto dalla Societ\u00e0 Montecatini,\u00a0il racconto di una tragedia annunciata, di un processo finito senza colpevoli, di una vicenda che ancora \u00e8 viva nella memoria collettiva.<\/p>\n<p>I bambini della miniera<br \/>\nITA \u2013 2016 52 minuti<br \/>\nscritto e diretto da Tommaso Santi<br \/>\nmusiche originali Andrea Benassai<br \/>\ncolor correction Matteo Querci<\/p>\n<p>&nbsp;<\/p>\n","protected":false},"excerpt":{"rendered":"","protected":false},"author":1,"featured_media":215,"comment_status":"closed","ping_status":"closed","sticky":false,"template":"","format":"standard","meta":{"jetpack_post_was_ever_published":false,"_jetpack_newsletter_access":"","_jetpack_dont_email_post_to_subs":false,"_jetpack_newsletter_tier_id":0,"_jetpack_memberships_contains_paywalled_content":false,"_jetpack_memberships_contains_paid_content":false,"footnotes":"","jetpack_publicize_message":"","jetpack_publicize_feature_enabled":true,"jetpack_social_post_already_shared":true,"jetpack_social_options":{"image_generator_settings":{"template":"highway","default_image_id":0,"font":"","enabled":false},"version":2}},"categories":[1],"tags":[49,43,48,9,38,10,42,40,77,37,46,35,34,36,5,80,79,78,44],"class_list":["post-214","post","type-post","status-publish","format-standard","has-post-thumbnail","hentry","category-senza-categoria","tag-4-maggio-1954","tag-bianciardi","tag-carlo-cassola","tag-cinema","tag-documentario","tag-film","tag-i-bambini-della-miniera","tag-incidenti-sul-lavoro","tag-luciano-bianciardi","tag-marcinelle","tag-minatori","tag-miniere","tag-ribolla","tag-strage-di-ribolla","tag-tommaso-santi","tag-trevignano","tag-trevignano-film-fest","tag-ugo-tognazzi","tag-vita-agra"],"jetpack_publicize_connections":[],"jetpack_featured_media_url":"https:\/\/tommasosanti.com\/wp-content\/uploads\/2016\/08\/LOC-MINIERA-01.png","jetpack_sharing_enabled":true,"jetpack_shortlink":"https:\/\/wp.me\/p6Q3Ek-3s","_links":{"self":[{"href":"https:\/\/tommasosanti.com\/index.php?rest_route=\/wp\/v2\/posts\/214","targetHints":{"allow":["GET"]}}],"collection":[{"href":"https:\/\/tommasosanti.com\/index.php?rest_route=\/wp\/v2\/posts"}],"about":[{"href":"https:\/\/tommasosanti.com\/index.php?rest_route=\/wp\/v2\/types\/post"}],"author":[{"embeddable":true,"href":"https:\/\/tommasosanti.com\/index.php?rest_route=\/wp\/v2\/users\/1"}],"replies":[{"embeddable":true,"href":"https:\/\/tommasosanti.com\/index.php?rest_route=%2Fwp%2Fv2%2Fcomments&post=214"}],"version-history":[{"count":6,"href":"https:\/\/tommasosanti.com\/index.php?rest_route=\/wp\/v2\/posts\/214\/revisions"}],"predecessor-version":[{"id":227,"href":"https:\/\/tommasosanti.com\/index.php?rest_route=\/wp\/v2\/posts\/214\/revisions\/227"}],"wp:featuredmedia":[{"embeddable":true,"href":"https:\/\/tommasosanti.com\/index.php?rest_route=\/wp\/v2\/media\/215"}],"wp:attachment":[{"href":"https:\/\/tommasosanti.com\/index.php?rest_route=%2Fwp%2Fv2%2Fmedia&parent=214"}],"wp:term":[{"taxonomy":"category","embeddable":true,"href":"https:\/\/tommasosanti.com\/index.php?rest_route=%2Fwp%2Fv2%2Fcategories&post=214"},{"taxonomy":"post_tag","embeddable":true,"href":"https:\/\/tommasosanti.com\/index.php?rest_route=%2Fwp%2Fv2%2Ftags&post=214"}],"curies":[{"name":"wp","href":"https:\/\/api.w.org\/{rel}","templated":true}]}}